{"id":1061,"date":"2023-06-02T04:09:17","date_gmt":"2023-06-02T04:09:17","guid":{"rendered":"https:\/\/blogdobispo.com.br\/?p=1061"},"modified":"2023-06-02T04:09:17","modified_gmt":"2023-06-02T04:09:17","slug":"prefeito-abre-semana-do-meio-ambiente-de-natal-nesta-quinta-1o-no-bosque-das-mangueiras","status":"publish","type":"post","link":"https:\/\/blogdobispo.com.br\/?p=1061","title":{"rendered":"Prefeito abre Semana do Meio Ambiente de Natal nesta quinta (1\u00ba) no Bosque das Mangueiras"},"content":{"rendered":"\n<p>Come\u00e7a nesta quinta-feira (01) e segue at\u00e9 a segunda-feira (05) a Semana do Meio Ambiente 2023 (Sema) em Natal. Com o tema \u201cNatureza Viva, Natal Sustent\u00e1vel\u201d e o lema \u201cRestaurando o futuro rumo \u00e0 resili\u00eancia\u201d, o evento conta com vasta programa\u00e7\u00e3o. A solenidade de abertura est\u00e1 prevista para \u00e0s 9h30 do dia 1\u00ba, no Bosque das Mangueiras, com participa\u00e7\u00f5es do prefeito \u00c1lvaro Dias e do secret\u00e1rio Municipal de Meio Mabiente, Thiago Mesquita.&nbsp;<\/p>\n\n\n\n<p>A solenidade vai contar com apresenta\u00e7\u00f5es culturais da Orquestra da Escola Municipal Ferreira Itajub\u00e1 e Show de Rap&nbsp;com Miguel Carcar\u00e1. E, ainda, um plantio simb\u00f3lico na \u00e1rea do Bosque de parte das mudas referentes ao compromisso assumido por Natal ao receber em abril deste ano, o 2\u00ba Encontro Regional ICLEI Nordeste e o selo de evento Carbono Free.<\/p>\n\n\n\n<p>Na oportunidade, acontecer\u00e1 tamb\u00e9m a assinatura do Termo de Coopera\u00e7\u00e3o entre as secretarias municipais de Meio-Ambiente e Urbanismo (Semurb), de Servi\u00e7os Urbanos (Semsur), Infraestrutura (Seinfra) e Urbana para dar suporte \u00e0 Fiscaliza\u00e7\u00e3o da Semurb na prote\u00e7\u00e3o ao meio ambiente.<\/p>\n\n\n\n<p>Por\u00e9m, a programa\u00e7\u00e3o do evento j\u00e1 come\u00e7a a partir das 8h no local com feira de org\u00e2nicos, exposi\u00e7\u00f5es das fiscaliza\u00e7\u00f5es urban\u00edstica e ambiental, e dos setores de planejamento da Semurb, das Zonas de Prote\u00e7\u00e3o Ambiental (ZPA\u2019s) e cartilhas produzidas pela pasta. E ainda do projeto Agroecologia na Cidade, pela Associa\u00e7\u00e3o de Apoio \u00e0s Comunidades do Campo do RN (AACC).<\/p>\n\n\n\n<p>E tamb\u00e9m oficinas de horta org\u00e2nica e de leitura com tem\u00e1ticas ambientais para o p\u00fablico infantil e de compostagem para adultos. Haver\u00e1 ainda brincadeiras com jogo l\u00fadico da educa\u00e7\u00e3o ambiental da Semurb e trilha ecol\u00f3gica guiada tamb\u00e9m para o p\u00fablico infantil.<\/p>\n\n\n\n<p>No mesmo dia, em paralelo, acontece das 8h \u00e0s 17h o&nbsp;<em>drive-thru<\/em>&nbsp;para recebimento de lixo eletr\u00f4nico no Partage Norte Shopping, a\u00e7\u00e3o importante para a preserva\u00e7\u00e3o da natureza da cidade e que fomenta o descarte desse material de maneira apropriada.<\/p>\n\n\n\n<p><strong>Programa\u00e7\u00e3o<\/strong><\/p>\n\n\n\n<p>Neste ano a Sema promove tamb\u00e9m mutir\u00f5es de limpeza, exposi\u00e7\u00f5es, oficinas, feira de org\u00e2nicos e de artesanato. Al\u00e9m de trilhas, caminhada hist\u00f3rica, palestras on-line entre<a href=\"https:\/\/www.natal.rn.gov.br\/news\/post\/38946\">\u2002outras atividades e algumas necessitam de inscri\u00e7\u00e3o pr\u00e9via<\/a>. Outra a\u00e7\u00e3o importante \u00e9 a sensibiliza\u00e7\u00e3o ambiental nas escolas com a educa\u00e7\u00e3o ambiental da Semurb sobre coleta e destina\u00e7\u00e3o de res\u00edduos para alunos do 4\u00ba e 5\u00ba anos.<\/p>\n\n\n\n<p>J\u00e1 sexta-feira (2) ser\u00e3o realizadas duas palestras gratuitas, ambas com inscri\u00e7\u00f5es e direito a certificado. A primeira palestra com o tema \u201cA import\u00e2ncia&nbsp;das \u00e1reas verdes para os centros urbanos e o papel das ZPAs na ameniza\u00e7\u00e3o do clima da cidade\u201d, com Gustavo Soares, Tecn\u00f3logo Ambiental do Setor de \u00e1reas Verdes e Mudan\u00e7as Clim\u00e1ticas da Semurb, das 10h \u00e0s 10h30.<\/p>\n\n\n\n<p>E a segunda \u201cComo minhas atitudes impactam no meio ambiente\u201d com a palestrante, Stephane Melina Souza Gomes, Gestora Ambiental, p\u00f3s-graduada em ESG e MBA em Sustentabilidade, das 15h \u00e0s 15h30.<\/p>\n\n\n\n<p>Para se inscrever nessas e em outras atividades basta acessar o aplicativo Natal Digital dispon\u00edvel nas lojas de dispositivos&nbsp;<a href=\"https:\/\/play.google.com\/store\/apps\/details?id=com.br.grt8.natal&amp;pli=1\">Android\u2002<\/a>e&nbsp;<a href=\"https:\/\/apps.apple.com\/br\/app\/natal-digital\/id1496609705\">IOS<\/a>&nbsp;e acessar a guia &#8220;servi\u00e7os&#8221; na barra inferior, em seguida clicar no \u00edcone &#8220;Semana do Meio Ambiente 2023&#8221;.<\/p>\n\n\n\n<p>No App Natal Digital&nbsp;tamb\u00e9m \u00e9 poss\u00edvel conferir a&nbsp;<a href=\"https:\/\/bit.ly\/SemaNatal23\"><strong>programa\u00e7\u00e3o completa<\/strong><\/a>&nbsp;da semana, que vai de 1 a 5 de junho, e ainda uma gama de outros servi\u00e7os disponibilizados para popula\u00e7\u00e3o pela Prefeitura do Natal.<\/p>\n\n\n\n<p><strong>Plantios e Mutir\u00f5es de Limpeza<\/strong><\/p>\n\n\n\n<p>No s\u00e1bado (3), o destaque \u00e9 para o plantio de cerca de 200 mudas na margem direita do Rio Pitimbu, \u00e1rea que \u00e9 alvo constante de queimadas em parceria com o Horto Parque das Serras, Planta Natal e Parque da Cidade, \u00e0s 7h30. E o mutir\u00e3o de limpeza nas praias \u201cJogue Limpo! Na praia, no rio ou na rua, lixo \u00e9 na lixeira\u201d, que vai acontecer a partir das 9h, nas praias do Forte e do Meio.<\/p>\n\n\n\n<p>Al\u00e9m de oficina de horta org\u00e2nica e minicurso para cultivo de orqu\u00eddeas para o p\u00fablico adulto, e pintura de rosto e trilha ecol\u00f3gica guiada para o p\u00fablico infantil, no Bosque das Mangueiras.<\/p>\n\n\n\n<p><strong>Dia do Meio Ambiente<\/strong><\/p>\n\n\n\n<p>No Dia mundial do Meio Ambiente, na segunda-feira (5), os destaques s\u00e3o para as atividades no Parque da Cidade, onde o p\u00fablico poder\u00e1 participar das Trilhas Naturais, das 7h \u00e0s 10h e Trilha do P\u00f4r-do-sol, \u00e0s 15h; do Caf\u00e9 com Cordel na biblioteca, \u00e0s 8h, e inaugura\u00e7\u00e3o do Jardim Sensorial, \u00e0s 8h30. E por fim, \u00e0s 9h, a solenidade de premia\u00e7\u00e3o do Edital da ARSBAN \u201cSanear com Arte\u201d, no audit\u00f3rio.<\/p>\n\n\n\n<p>Em paralelo, tamb\u00e9m na segunda (5), ocorre plantio de mudas nas cal\u00e7adas da Avenida Amintas Barros, finalizando o compromisso do 2\u00ba Encontro Regional ICLEI NE, como Evento Carbono Free, com o apoio do Planta Natal, das 7h \u00e0s 10h; o mutir\u00e3o de limpeza nas praias, em Ponta Negra, a partir das 8h; e drive-thru, das 9h \u00e0s 12h, para recebimento de lixo eletr\u00f4nico, no CCAB Sul.<\/p>\n\n\n\n<p><strong>Parcerias<\/strong><\/p>\n\n\n\n<p>A Semana do Meio Ambiente de Natal \u00e9 realizada pela Prefeitura do Natal com coordena\u00e7\u00e3o da Secretaria de Meio Ambiente e Urbanismo (Semurb) e apoio das secretarias municipais de&nbsp;Comunica\u00e7\u00e3o (Secom), Educa\u00e7\u00e3o (SME), Planejamento (Sempla), de Governo (SMG), de Trabalho e Assist\u00eancia Social&nbsp;(Semtas), Servi\u00e7os Urbanos (Semsur), Mobilidade Urbana (STTU), Companhia de Servi\u00e7os Urbanos (Urbana).<\/p>\n\n\n\n<p>Al\u00e9m da Ag\u00eancia Reguladora de Servi\u00e7os de Saneamento B\u00e1sico (Arsban), Projeto Planta Natal, Sebrae, Associa\u00e7\u00e3o de Apoio \u00e0s Comunidades do Campo do RN (AACC), Associa\u00e7\u00e3o Orquid\u00f3fila do Rio Grande do Norte (SORN), CCAB Sul, Partage Norte Shopping.<\/p>\n\n\n\n<p>E a parceria das empresas Natal Reciclagem, Horto Parque das Serras, Amada Minhoca, MC Mensagem Mobili\u00e1rio Urbano e da \u00c1gua Cristalina.<\/p>\n\n\n\n<figure class=\"wp-block-image size-full\"><img data-recalc-dims=\"1\" fetchpriority=\"high\" decoding=\"async\" width=\"570\" height=\"380\" src=\"https:\/\/i0.wp.com\/blogdobispo.com.br\/wp-content\/uploads\/2023\/06\/Planta-Natal-prefeito-Alvaro-Dias-foto-Alex-Regis.jpeg?resize=570%2C380&#038;ssl=1\" alt=\"\" class=\"wp-image-1062\" srcset=\"https:\/\/i0.wp.com\/blogdobispo.com.br\/wp-content\/uploads\/2023\/06\/Planta-Natal-prefeito-Alvaro-Dias-foto-Alex-Regis.jpeg?w=570&amp;ssl=1 570w, https:\/\/i0.wp.com\/blogdobispo.com.br\/wp-content\/uploads\/2023\/06\/Planta-Natal-prefeito-Alvaro-Dias-foto-Alex-Regis.jpeg?resize=300%2C200&amp;ssl=1 300w\" sizes=\"(max-width: 570px) 100vw, 570px\" \/><\/figure>\n","protected":false},"excerpt":{"rendered":"<p>Come\u00e7a nesta quinta-feira (01) e segue at\u00e9 a segunda-feira (05) a Semana do Meio Ambiente 2023 (Sema) em Natal. Com o tema \u201cNatureza Viva, Natal Sustent\u00e1vel\u201d e o lema \u201cRestaurando o futuro rumo \u00e0 resili\u00eancia\u201d, o evento conta com vasta programa\u00e7\u00e3o. A solenidade de abertura est\u00e1 prevista para \u00e0s 9h30 do dia 1\u00ba, no Bosque [&hellip;]<\/p>\n","protected":false},"author":1,"featured_media":0,"comment_status":"open","ping_status":"open","sticky":false,"template":"","format":"standard","meta":{"cybocfi_hide_featured_image":"","_jetpack_memberships_contains_paid_content":false,"footnotes":""},"categories":[1],"tags":[],"class_list":["post-1061","post","type-post","status-publish","format-standard","hentry","category-diversos"],"yoast_head":"<!-- This site is optimized with the Yoast SEO plugin v25.6 - https:\/\/yoast.com\/wordpress\/plugins\/seo\/ -->\n<title>Prefeito abre Semana do Meio Ambiente de Natal nesta quinta (1\u00ba) no Bosque das Mangueiras - Blog do Bispo<\/title>\n<meta name=\"robots\" content=\"index, follow, max-snippet:-1, max-image-preview:large, max-video-preview:-1\" \/>\n<link rel=\"canonical\" href=\"https:\/\/blogdobispo.com.br\/?p=1061\" \/>\n<meta property=\"og:locale\" content=\"pt_BR\" \/>\n<meta property=\"og:type\" content=\"article\" \/>\n<meta property=\"og:title\" content=\"Prefeito abre Semana do Meio Ambiente de Natal nesta quinta (1\u00ba) no Bosque das Mangueiras - Blog do Bispo\" \/>\n<meta property=\"og:description\" content=\"Come\u00e7a nesta quinta-feira (01) e segue at\u00e9 a segunda-feira (05) a Semana do Meio Ambiente 2023 (Sema) em Natal. Com o tema \u201cNatureza Viva, Natal Sustent\u00e1vel\u201d e o lema \u201cRestaurando o futuro rumo \u00e0 resili\u00eancia\u201d, o evento conta com vasta programa\u00e7\u00e3o. A solenidade de abertura est\u00e1 prevista para \u00e0s 9h30 do dia 1\u00ba, no Bosque [&hellip;]\" \/>\n<meta property=\"og:url\" content=\"https:\/\/blogdobispo.com.br\/?p=1061\" \/>\n<meta property=\"og:site_name\" content=\"Blog do Bispo\" \/>\n<meta property=\"article:published_time\" content=\"2023-06-02T04:09:17+00:00\" \/>\n<meta property=\"og:image\" content=\"https:\/\/blogdobispo.com.br\/wp-content\/uploads\/2023\/06\/Planta-Natal-prefeito-Alvaro-Dias-foto-Alex-Regis.jpeg\" \/>\n<meta name=\"author\" content=\"Jefferson Sterfeno\" \/>\n<meta name=\"twitter:card\" content=\"summary_large_image\" \/>\n<meta name=\"twitter:label1\" content=\"Escrito por\" \/>\n\t<meta name=\"twitter:data1\" content=\"Jefferson Sterfeno\" \/>\n\t<meta name=\"twitter:label2\" content=\"Est. tempo de leitura\" \/>\n\t<meta name=\"twitter:data2\" content=\"5 minutos\" \/>\n<script type=\"application\/ld+json\" class=\"yoast-schema-graph\">{\"@context\":\"https:\/\/schema.org\",\"@graph\":[{\"@type\":\"Article\",\"@id\":\"https:\/\/blogdobispo.com.br\/?p=1061#article\",\"isPartOf\":{\"@id\":\"https:\/\/blogdobispo.com.br\/?p=1061\"},\"author\":{\"name\":\"Jefferson Sterfeno\",\"@id\":\"https:\/\/blogdobispo.com.br\/#\/schema\/person\/e2209cc0e6cea5c5233d033e997b373f\"},\"headline\":\"Prefeito abre Semana do Meio Ambiente de Natal nesta quinta (1\u00ba) no Bosque das Mangueiras\",\"datePublished\":\"2023-06-02T04:09:17+00:00\",\"mainEntityOfPage\":{\"@id\":\"https:\/\/blogdobispo.com.br\/?p=1061\"},\"wordCount\":1005,\"commentCount\":0,\"publisher\":{\"@id\":\"https:\/\/blogdobispo.com.br\/#organization\"},\"image\":{\"@id\":\"https:\/\/blogdobispo.com.br\/?p=1061#primaryimage\"},\"thumbnailUrl\":\"https:\/\/blogdobispo.com.br\/wp-content\/uploads\/2023\/06\/Planta-Natal-prefeito-Alvaro-Dias-foto-Alex-Regis.jpeg\",\"articleSection\":[\"diversos\"],\"inLanguage\":\"pt-BR\",\"potentialAction\":[{\"@type\":\"CommentAction\",\"name\":\"Comment\",\"target\":[\"https:\/\/blogdobispo.com.br\/?p=1061#respond\"]}]},{\"@type\":\"WebPage\",\"@id\":\"https:\/\/blogdobispo.com.br\/?p=1061\",\"url\":\"https:\/\/blogdobispo.com.br\/?p=1061\",\"name\":\"Prefeito abre Semana do Meio Ambiente de Natal nesta quinta (1\u00ba) no Bosque das Mangueiras - Blog do Bispo\",\"isPartOf\":{\"@id\":\"https:\/\/blogdobispo.com.br\/#website\"},\"primaryImageOfPage\":{\"@id\":\"https:\/\/blogdobispo.com.br\/?p=1061#primaryimage\"},\"image\":{\"@id\":\"https:\/\/blogdobispo.com.br\/?p=1061#primaryimage\"},\"thumbnailUrl\":\"https:\/\/blogdobispo.com.br\/wp-content\/uploads\/2023\/06\/Planta-Natal-prefeito-Alvaro-Dias-foto-Alex-Regis.jpeg\",\"datePublished\":\"2023-06-02T04:09:17+00:00\",\"breadcrumb\":{\"@id\":\"https:\/\/blogdobispo.com.br\/?p=1061#breadcrumb\"},\"inLanguage\":\"pt-BR\",\"potentialAction\":[{\"@type\":\"ReadAction\",\"target\":[\"https:\/\/blogdobispo.com.br\/?p=1061\"]}]},{\"@type\":\"ImageObject\",\"inLanguage\":\"pt-BR\",\"@id\":\"https:\/\/blogdobispo.com.br\/?p=1061#primaryimage\",\"url\":\"https:\/\/blogdobispo.com.br\/wp-content\/uploads\/2023\/06\/Planta-Natal-prefeito-Alvaro-Dias-foto-Alex-Regis.jpeg\",\"contentUrl\":\"https:\/\/blogdobispo.com.br\/wp-content\/uploads\/2023\/06\/Planta-Natal-prefeito-Alvaro-Dias-foto-Alex-Regis.jpeg\"},{\"@type\":\"BreadcrumbList\",\"@id\":\"https:\/\/blogdobispo.com.br\/?p=1061#breadcrumb\",\"itemListElement\":[{\"@type\":\"ListItem\",\"position\":1,\"name\":\"In\u00edcio\",\"item\":\"https:\/\/blogdobispo.com.br\/\"},{\"@type\":\"ListItem\",\"position\":2,\"name\":\"Prefeito abre Semana do Meio Ambiente de Natal nesta quinta (1\u00ba) no Bosque das Mangueiras\"}]},{\"@type\":\"WebSite\",\"@id\":\"https:\/\/blogdobispo.com.br\/#website\",\"url\":\"https:\/\/blogdobispo.com.br\/\",\"name\":\"Blog do Bispo\",\"description\":\"Comprometido apenas com o leitor\",\"publisher\":{\"@id\":\"https:\/\/blogdobispo.com.br\/#organization\"},\"potentialAction\":[{\"@type\":\"SearchAction\",\"target\":{\"@type\":\"EntryPoint\",\"urlTemplate\":\"https:\/\/blogdobispo.com.br\/?s={search_term_string}\"},\"query-input\":{\"@type\":\"PropertyValueSpecification\",\"valueRequired\":true,\"valueName\":\"search_term_string\"}}],\"inLanguage\":\"pt-BR\"},{\"@type\":\"Organization\",\"@id\":\"https:\/\/blogdobispo.com.br\/#organization\",\"name\":\"Blog do Bispo\",\"url\":\"https:\/\/blogdobispo.com.br\/\",\"logo\":{\"@type\":\"ImageObject\",\"inLanguage\":\"pt-BR\",\"@id\":\"https:\/\/blogdobispo.com.br\/#\/schema\/logo\/image\/\",\"url\":\"http:\/\/blogdobispo.com.br\/wp-content\/uploads\/2023\/05\/cropped-headear.png\",\"contentUrl\":\"http:\/\/blogdobispo.com.br\/wp-content\/uploads\/2023\/05\/cropped-headear.png\",\"width\":1500,\"height\":399,\"caption\":\"Blog do Bispo\"},\"image\":{\"@id\":\"https:\/\/blogdobispo.com.br\/#\/schema\/logo\/image\/\"}},{\"@type\":\"Person\",\"@id\":\"https:\/\/blogdobispo.com.br\/#\/schema\/person\/e2209cc0e6cea5c5233d033e997b373f\",\"name\":\"Jefferson Sterfeno\",\"image\":{\"@type\":\"ImageObject\",\"inLanguage\":\"pt-BR\",\"@id\":\"https:\/\/blogdobispo.com.br\/#\/schema\/person\/image\/\",\"url\":\"https:\/\/secure.gravatar.com\/avatar\/0534e84764641168a677026b6d57a3f51dc7ac4db0b4f6186d9cb330d4ee1160?s=96&d=mm&r=g\",\"contentUrl\":\"https:\/\/secure.gravatar.com\/avatar\/0534e84764641168a677026b6d57a3f51dc7ac4db0b4f6186d9cb330d4ee1160?s=96&d=mm&r=g\",\"caption\":\"Jefferson Sterfeno\"},\"sameAs\":[\"http:\/\/blogdobispo.com.br\"],\"url\":\"https:\/\/blogdobispo.com.br\/?author=1\"}]}<\/script>\n<!-- \/ Yoast SEO plugin. -->","yoast_head_json":{"title":"Prefeito abre Semana do Meio Ambiente de Natal nesta quinta (1\u00ba) no Bosque das Mangueiras - Blog do Bispo","robots":{"index":"index","follow":"follow","max-snippet":"max-snippet:-1","max-image-preview":"max-image-preview:large","max-video-preview":"max-video-preview:-1"},"canonical":"https:\/\/blogdobispo.com.br\/?p=1061","og_locale":"pt_BR","og_type":"article","og_title":"Prefeito abre Semana do Meio Ambiente de Natal nesta quinta (1\u00ba) no Bosque das Mangueiras - Blog do Bispo","og_description":"Come\u00e7a nesta quinta-feira (01) e segue at\u00e9 a segunda-feira (05) a Semana do Meio Ambiente 2023 (Sema) em Natal. Com o tema \u201cNatureza Viva, Natal Sustent\u00e1vel\u201d e o lema \u201cRestaurando o futuro rumo \u00e0 resili\u00eancia\u201d, o evento conta com vasta programa\u00e7\u00e3o. A solenidade de abertura est\u00e1 prevista para \u00e0s 9h30 do dia 1\u00ba, no Bosque [&hellip;]","og_url":"https:\/\/blogdobispo.com.br\/?p=1061","og_site_name":"Blog do Bispo","article_published_time":"2023-06-02T04:09:17+00:00","og_image":[{"url":"https:\/\/blogdobispo.com.br\/wp-content\/uploads\/2023\/06\/Planta-Natal-prefeito-Alvaro-Dias-foto-Alex-Regis.jpeg","type":"","width":"","height":""}],"author":"Jefferson Sterfeno","twitter_card":"summary_large_image","twitter_misc":{"Escrito por":"Jefferson Sterfeno","Est. tempo de leitura":"5 minutos"},"schema":{"@context":"https:\/\/schema.org","@graph":[{"@type":"Article","@id":"https:\/\/blogdobispo.com.br\/?p=1061#article","isPartOf":{"@id":"https:\/\/blogdobispo.com.br\/?p=1061"},"author":{"name":"Jefferson Sterfeno","@id":"https:\/\/blogdobispo.com.br\/#\/schema\/person\/e2209cc0e6cea5c5233d033e997b373f"},"headline":"Prefeito abre Semana do Meio Ambiente de Natal nesta quinta (1\u00ba) no Bosque das Mangueiras","datePublished":"2023-06-02T04:09:17+00:00","mainEntityOfPage":{"@id":"https:\/\/blogdobispo.com.br\/?p=1061"},"wordCount":1005,"commentCount":0,"publisher":{"@id":"https:\/\/blogdobispo.com.br\/#organization"},"image":{"@id":"https:\/\/blogdobispo.com.br\/?p=1061#primaryimage"},"thumbnailUrl":"https:\/\/blogdobispo.com.br\/wp-content\/uploads\/2023\/06\/Planta-Natal-prefeito-Alvaro-Dias-foto-Alex-Regis.jpeg","articleSection":["diversos"],"inLanguage":"pt-BR","potentialAction":[{"@type":"CommentAction","name":"Comment","target":["https:\/\/blogdobispo.com.br\/?p=1061#respond"]}]},{"@type":"WebPage","@id":"https:\/\/blogdobispo.com.br\/?p=1061","url":"https:\/\/blogdobispo.com.br\/?p=1061","name":"Prefeito abre Semana do Meio Ambiente de Natal nesta quinta (1\u00ba) no Bosque das Mangueiras - Blog do Bispo","isPartOf":{"@id":"https:\/\/blogdobispo.com.br\/#website"},"primaryImageOfPage":{"@id":"https:\/\/blogdobispo.com.br\/?p=1061#primaryimage"},"image":{"@id":"https:\/\/blogdobispo.com.br\/?p=1061#primaryimage"},"thumbnailUrl":"https:\/\/blogdobispo.com.br\/wp-content\/uploads\/2023\/06\/Planta-Natal-prefeito-Alvaro-Dias-foto-Alex-Regis.jpeg","datePublished":"2023-06-02T04:09:17+00:00","breadcrumb":{"@id":"https:\/\/blogdobispo.com.br\/?p=1061#breadcrumb"},"inLanguage":"pt-BR","potentialAction":[{"@type":"ReadAction","target":["https:\/\/blogdobispo.com.br\/?p=1061"]}]},{"@type":"ImageObject","inLanguage":"pt-BR","@id":"https:\/\/blogdobispo.com.br\/?p=1061#primaryimage","url":"https:\/\/blogdobispo.com.br\/wp-content\/uploads\/2023\/06\/Planta-Natal-prefeito-Alvaro-Dias-foto-Alex-Regis.jpeg","contentUrl":"https:\/\/blogdobispo.com.br\/wp-content\/uploads\/2023\/06\/Planta-Natal-prefeito-Alvaro-Dias-foto-Alex-Regis.jpeg"},{"@type":"BreadcrumbList","@id":"https:\/\/blogdobispo.com.br\/?p=1061#breadcrumb","itemListElement":[{"@type":"ListItem","position":1,"name":"In\u00edcio","item":"https:\/\/blogdobispo.com.br\/"},{"@type":"ListItem","position":2,"name":"Prefeito abre Semana do Meio Ambiente de Natal nesta quinta (1\u00ba) no Bosque das Mangueiras"}]},{"@type":"WebSite","@id":"https:\/\/blogdobispo.com.br\/#website","url":"https:\/\/blogdobispo.com.br\/","name":"Blog do Bispo","description":"Comprometido apenas com o leitor","publisher":{"@id":"https:\/\/blogdobispo.com.br\/#organization"},"potentialAction":[{"@type":"SearchAction","target":{"@type":"EntryPoint","urlTemplate":"https:\/\/blogdobispo.com.br\/?s={search_term_string}"},"query-input":{"@type":"PropertyValueSpecification","valueRequired":true,"valueName":"search_term_string"}}],"inLanguage":"pt-BR"},{"@type":"Organization","@id":"https:\/\/blogdobispo.com.br\/#organization","name":"Blog do Bispo","url":"https:\/\/blogdobispo.com.br\/","logo":{"@type":"ImageObject","inLanguage":"pt-BR","@id":"https:\/\/blogdobispo.com.br\/#\/schema\/logo\/image\/","url":"http:\/\/blogdobispo.com.br\/wp-content\/uploads\/2023\/05\/cropped-headear.png","contentUrl":"http:\/\/blogdobispo.com.br\/wp-content\/uploads\/2023\/05\/cropped-headear.png","width":1500,"height":399,"caption":"Blog do Bispo"},"image":{"@id":"https:\/\/blogdobispo.com.br\/#\/schema\/logo\/image\/"}},{"@type":"Person","@id":"https:\/\/blogdobispo.com.br\/#\/schema\/person\/e2209cc0e6cea5c5233d033e997b373f","name":"Jefferson Sterfeno","image":{"@type":"ImageObject","inLanguage":"pt-BR","@id":"https:\/\/blogdobispo.com.br\/#\/schema\/person\/image\/","url":"https:\/\/secure.gravatar.com\/avatar\/0534e84764641168a677026b6d57a3f51dc7ac4db0b4f6186d9cb330d4ee1160?s=96&d=mm&r=g","contentUrl":"https:\/\/secure.gravatar.com\/avatar\/0534e84764641168a677026b6d57a3f51dc7ac4db0b4f6186d9cb330d4ee1160?s=96&d=mm&r=g","caption":"Jefferson Sterfeno"},"sameAs":["http:\/\/blogdobispo.com.br"],"url":"https:\/\/blogdobispo.com.br\/?author=1"}]}},"featured_image_urls":{"full":"","thumbnail":"","medium":"","medium_large":"","large":"","1536x1536":"","2048x2048":""},"author_info":{"display_name":"Jefferson Sterfeno","author_link":"https:\/\/blogdobispo.com.br\/?author=1"},"category_info":"<a href=\"https:\/\/blogdobispo.com.br\/?cat=1\" rel=\"category\">diversos<\/a>","tag_info":"diversos","comment_count":"0","jetpack_featured_media_url":"","jetpack_sharing_enabled":true,"_links":{"self":[{"href":"https:\/\/blogdobispo.com.br\/index.php?rest_route=\/wp\/v2\/posts\/1061","targetHints":{"allow":["GET"]}}],"collection":[{"href":"https:\/\/blogdobispo.com.br\/index.php?rest_route=\/wp\/v2\/posts"}],"about":[{"href":"https:\/\/blogdobispo.com.br\/index.php?rest_route=\/wp\/v2\/types\/post"}],"author":[{"embeddable":true,"href":"https:\/\/blogdobispo.com.br\/index.php?rest_route=\/wp\/v2\/users\/1"}],"replies":[{"embeddable":true,"href":"https:\/\/blogdobispo.com.br\/index.php?rest_route=%2Fwp%2Fv2%2Fcomments&post=1061"}],"version-history":[{"count":1,"href":"https:\/\/blogdobispo.com.br\/index.php?rest_route=\/wp\/v2\/posts\/1061\/revisions"}],"predecessor-version":[{"id":1063,"href":"https:\/\/blogdobispo.com.br\/index.php?rest_route=\/wp\/v2\/posts\/1061\/revisions\/1063"}],"wp:attachment":[{"href":"https:\/\/blogdobispo.com.br\/index.php?rest_route=%2Fwp%2Fv2%2Fmedia&parent=1061"}],"wp:term":[{"taxonomy":"category","embeddable":true,"href":"https:\/\/blogdobispo.com.br\/index.php?rest_route=%2Fwp%2Fv2%2Fcategories&post=1061"},{"taxonomy":"post_tag","embeddable":true,"href":"https:\/\/blogdobispo.com.br\/index.php?rest_route=%2Fwp%2Fv2%2Ftags&post=1061"}],"curies":[{"name":"wp","href":"https:\/\/api.w.org\/{rel}","templated":true}]}}