{"id":1056,"date":"2023-05-31T18:15:22","date_gmt":"2023-05-31T18:15:22","guid":{"rendered":"https:\/\/blogdobispo.com.br\/?p=1056"},"modified":"2023-05-31T18:15:23","modified_gmt":"2023-05-31T18:15:23","slug":"coronel-azevedo-critica-visita-do-presidente-da-venezuela-ao-brasil","status":"publish","type":"post","link":"https:\/\/blogdobispo.com.br\/?p=1056","title":{"rendered":"<em>Coronel Azevedo critica visita do presidente da Venezuela ao Brasil<\/em>"},"content":{"rendered":"\n<figure class=\"wp-block-image size-large\"><img data-recalc-dims=\"1\" fetchpriority=\"high\" decoding=\"async\" width=\"800\" height=\"532\" src=\"https:\/\/i0.wp.com\/blogdobispo.com.br\/wp-content\/uploads\/2023\/05\/3a799e40-1db4-4f93-963f-8c367ba4051a-1024x681.jpg?resize=800%2C532&#038;ssl=1\" class=\"wp-image-1055\" srcset=\"https:\/\/i0.wp.com\/blogdobispo.com.br\/wp-content\/uploads\/2023\/05\/3a799e40-1db4-4f93-963f-8c367ba4051a.jpg?resize=1024%2C681&amp;ssl=1 1024w, https:\/\/i0.wp.com\/blogdobispo.com.br\/wp-content\/uploads\/2023\/05\/3a799e40-1db4-4f93-963f-8c367ba4051a.jpg?resize=300%2C200&amp;ssl=1 300w, https:\/\/i0.wp.com\/blogdobispo.com.br\/wp-content\/uploads\/2023\/05\/3a799e40-1db4-4f93-963f-8c367ba4051a.jpg?resize=768%2C511&amp;ssl=1 768w, https:\/\/i0.wp.com\/blogdobispo.com.br\/wp-content\/uploads\/2023\/05\/3a799e40-1db4-4f93-963f-8c367ba4051a.jpg?resize=1536%2C1021&amp;ssl=1 1536w, https:\/\/i0.wp.com\/blogdobispo.com.br\/wp-content\/uploads\/2023\/05\/3a799e40-1db4-4f93-963f-8c367ba4051a.jpg?w=1600&amp;ssl=1 1600w\" sizes=\"(max-width: 800px) 100vw, 800px\" \/><\/figure>\n\n\n\n<p>O deputado estadual Coronel Azevedo (PL) lamentou, na sess\u00e3o desta quarta-feira (31), em tom de protesto, a visita ao Brasil do presidente da Venezuela, Nicolas Maduro. O encontro com o presidente Lula (PT) que marcou a retomada da rela\u00e7\u00e3o diplom\u00e1tica entre o Brasil e o pa\u00eds vizinho, causou diverg\u00eancias e gerou grande repercuss\u00e3o nas redes sociais.<\/p>\n\n\n\n<p>\u201cUma vergonha para o Brasil e para a democracia brasileira\u201d, criticou o parlamentar, ressaltando que o presidente venezuelano \u00e9 acusado de \u2018envolvimento com o narcoterrorismo\u2019, entendido como as tentativas de traficantes de drogas de influenciar as pol\u00edticas de um governo ou de uma sociedade atrav\u00e9s da viol\u00eancia e da intimida\u00e7\u00e3o. Coronel Azevedo comentou, inclusive, declara\u00e7\u00f5es de esquerdistas contr\u00e1rios \u00e0 recep\u00e7\u00e3o feita pelo chefe do Executivo do Brasil.<\/p>\n\n\n\n<p>Essa foi a primeira visita de Maduro ao Brasil desde julho de 2015, quando participou de uma c\u00fapula do Mercosul em Bras\u00edlia, ainda durante o governo da presidente Dilma Rousseff (PT). \u201cNossa democracia sofreu um golpe, o presidente recebeu e abra\u00e7ou um dos piores l\u00edderes das Na\u00e7\u00f5es\u201d, concluiu o deputado.<\/p>\n\n\n\n<p>Via Assessoria\/ ALRN<\/p>\n","protected":false},"excerpt":{"rendered":"<p>O deputado estadual Coronel Azevedo (PL) lamentou, na sess\u00e3o desta quarta-feira (31), em tom de protesto, a visita ao Brasil do presidente da Venezuela, Nicolas Maduro. O encontro com o presidente Lula (PT) que marcou a retomada da rela\u00e7\u00e3o diplom\u00e1tica entre o Brasil e o pa\u00eds vizinho, causou diverg\u00eancias e gerou grande repercuss\u00e3o nas redes [&hellip;]<\/p>\n","protected":false},"author":1,"featured_media":0,"comment_status":"open","ping_status":"open","sticky":false,"template":"","format":"standard","meta":{"cybocfi_hide_featured_image":"","_jetpack_memberships_contains_paid_content":false,"footnotes":""},"categories":[1],"tags":[],"class_list":["post-1056","post","type-post","status-publish","format-standard","hentry","category-diversos"],"yoast_head":"<!-- This site is optimized with the Yoast SEO plugin v25.6 - https:\/\/yoast.com\/wordpress\/plugins\/seo\/ -->\n<title>Coronel Azevedo critica visita do presidente da Venezuela ao Brasil - Blog do Bispo<\/title>\n<meta name=\"robots\" content=\"index, follow, max-snippet:-1, max-image-preview:large, max-video-preview:-1\" \/>\n<link rel=\"canonical\" href=\"https:\/\/blogdobispo.com.br\/?p=1056\" \/>\n<meta property=\"og:locale\" content=\"pt_BR\" \/>\n<meta property=\"og:type\" content=\"article\" \/>\n<meta property=\"og:title\" content=\"Coronel Azevedo critica visita do presidente da Venezuela ao Brasil - Blog do Bispo\" \/>\n<meta property=\"og:description\" content=\"O deputado estadual Coronel Azevedo (PL) lamentou, na sess\u00e3o desta quarta-feira (31), em tom de protesto, a visita ao Brasil do presidente da Venezuela, Nicolas Maduro. O encontro com o presidente Lula (PT) que marcou a retomada da rela\u00e7\u00e3o diplom\u00e1tica entre o Brasil e o pa\u00eds vizinho, causou diverg\u00eancias e gerou grande repercuss\u00e3o nas redes [&hellip;]\" \/>\n<meta property=\"og:url\" content=\"https:\/\/blogdobispo.com.br\/?p=1056\" \/>\n<meta property=\"og:site_name\" content=\"Blog do Bispo\" \/>\n<meta property=\"article:published_time\" content=\"2023-05-31T18:15:22+00:00\" \/>\n<meta property=\"article:modified_time\" content=\"2023-05-31T18:15:23+00:00\" \/>\n<meta property=\"og:image\" content=\"https:\/\/blogdobispo.com.br\/wp-content\/uploads\/2023\/05\/3a799e40-1db4-4f93-963f-8c367ba4051a-1024x681.jpg\" \/>\n<meta name=\"author\" content=\"Jefferson Sterfeno\" \/>\n<meta name=\"twitter:card\" content=\"summary_large_image\" \/>\n<meta name=\"twitter:label1\" content=\"Escrito por\" \/>\n\t<meta name=\"twitter:data1\" content=\"Jefferson Sterfeno\" \/>\n\t<meta name=\"twitter:label2\" content=\"Est. tempo de leitura\" \/>\n\t<meta name=\"twitter:data2\" content=\"1 minuto\" \/>\n<script type=\"application\/ld+json\" class=\"yoast-schema-graph\">{\"@context\":\"https:\/\/schema.org\",\"@graph\":[{\"@type\":\"Article\",\"@id\":\"https:\/\/blogdobispo.com.br\/?p=1056#article\",\"isPartOf\":{\"@id\":\"https:\/\/blogdobispo.com.br\/?p=1056\"},\"author\":{\"name\":\"Jefferson Sterfeno\",\"@id\":\"https:\/\/blogdobispo.com.br\/#\/schema\/person\/e2209cc0e6cea5c5233d033e997b373f\"},\"headline\":\"Coronel Azevedo critica visita do presidente da Venezuela ao Brasil\",\"datePublished\":\"2023-05-31T18:15:22+00:00\",\"dateModified\":\"2023-05-31T18:15:23+00:00\",\"mainEntityOfPage\":{\"@id\":\"https:\/\/blogdobispo.com.br\/?p=1056\"},\"wordCount\":200,\"commentCount\":0,\"publisher\":{\"@id\":\"https:\/\/blogdobispo.com.br\/#organization\"},\"image\":{\"@id\":\"https:\/\/blogdobispo.com.br\/?p=1056#primaryimage\"},\"thumbnailUrl\":\"https:\/\/blogdobispo.com.br\/wp-content\/uploads\/2023\/05\/3a799e40-1db4-4f93-963f-8c367ba4051a-1024x681.jpg\",\"articleSection\":[\"diversos\"],\"inLanguage\":\"pt-BR\",\"potentialAction\":[{\"@type\":\"CommentAction\",\"name\":\"Comment\",\"target\":[\"https:\/\/blogdobispo.com.br\/?p=1056#respond\"]}]},{\"@type\":\"WebPage\",\"@id\":\"https:\/\/blogdobispo.com.br\/?p=1056\",\"url\":\"https:\/\/blogdobispo.com.br\/?p=1056\",\"name\":\"Coronel Azevedo critica visita do presidente da Venezuela ao Brasil - Blog do Bispo\",\"isPartOf\":{\"@id\":\"https:\/\/blogdobispo.com.br\/#website\"},\"primaryImageOfPage\":{\"@id\":\"https:\/\/blogdobispo.com.br\/?p=1056#primaryimage\"},\"image\":{\"@id\":\"https:\/\/blogdobispo.com.br\/?p=1056#primaryimage\"},\"thumbnailUrl\":\"https:\/\/blogdobispo.com.br\/wp-content\/uploads\/2023\/05\/3a799e40-1db4-4f93-963f-8c367ba4051a-1024x681.jpg\",\"datePublished\":\"2023-05-31T18:15:22+00:00\",\"dateModified\":\"2023-05-31T18:15:23+00:00\",\"breadcrumb\":{\"@id\":\"https:\/\/blogdobispo.com.br\/?p=1056#breadcrumb\"},\"inLanguage\":\"pt-BR\",\"potentialAction\":[{\"@type\":\"ReadAction\",\"target\":[\"https:\/\/blogdobispo.com.br\/?p=1056\"]}]},{\"@type\":\"ImageObject\",\"inLanguage\":\"pt-BR\",\"@id\":\"https:\/\/blogdobispo.com.br\/?p=1056#primaryimage\",\"url\":\"https:\/\/blogdobispo.com.br\/wp-content\/uploads\/2023\/05\/3a799e40-1db4-4f93-963f-8c367ba4051a-1024x681.jpg\",\"contentUrl\":\"https:\/\/blogdobispo.com.br\/wp-content\/uploads\/2023\/05\/3a799e40-1db4-4f93-963f-8c367ba4051a-1024x681.jpg\"},{\"@type\":\"BreadcrumbList\",\"@id\":\"https:\/\/blogdobispo.com.br\/?p=1056#breadcrumb\",\"itemListElement\":[{\"@type\":\"ListItem\",\"position\":1,\"name\":\"In\u00edcio\",\"item\":\"https:\/\/blogdobispo.com.br\/\"},{\"@type\":\"ListItem\",\"position\":2,\"name\":\"Coronel Azevedo critica visita do presidente da Venezuela ao Brasil\"}]},{\"@type\":\"WebSite\",\"@id\":\"https:\/\/blogdobispo.com.br\/#website\",\"url\":\"https:\/\/blogdobispo.com.br\/\",\"name\":\"Blog do Bispo\",\"description\":\"Comprometido apenas com o leitor\",\"publisher\":{\"@id\":\"https:\/\/blogdobispo.com.br\/#organization\"},\"potentialAction\":[{\"@type\":\"SearchAction\",\"target\":{\"@type\":\"EntryPoint\",\"urlTemplate\":\"https:\/\/blogdobispo.com.br\/?s={search_term_string}\"},\"query-input\":{\"@type\":\"PropertyValueSpecification\",\"valueRequired\":true,\"valueName\":\"search_term_string\"}}],\"inLanguage\":\"pt-BR\"},{\"@type\":\"Organization\",\"@id\":\"https:\/\/blogdobispo.com.br\/#organization\",\"name\":\"Blog do Bispo\",\"url\":\"https:\/\/blogdobispo.com.br\/\",\"logo\":{\"@type\":\"ImageObject\",\"inLanguage\":\"pt-BR\",\"@id\":\"https:\/\/blogdobispo.com.br\/#\/schema\/logo\/image\/\",\"url\":\"http:\/\/blogdobispo.com.br\/wp-content\/uploads\/2023\/05\/cropped-headear.png\",\"contentUrl\":\"http:\/\/blogdobispo.com.br\/wp-content\/uploads\/2023\/05\/cropped-headear.png\",\"width\":1500,\"height\":399,\"caption\":\"Blog do Bispo\"},\"image\":{\"@id\":\"https:\/\/blogdobispo.com.br\/#\/schema\/logo\/image\/\"}},{\"@type\":\"Person\",\"@id\":\"https:\/\/blogdobispo.com.br\/#\/schema\/person\/e2209cc0e6cea5c5233d033e997b373f\",\"name\":\"Jefferson Sterfeno\",\"image\":{\"@type\":\"ImageObject\",\"inLanguage\":\"pt-BR\",\"@id\":\"https:\/\/blogdobispo.com.br\/#\/schema\/person\/image\/\",\"url\":\"https:\/\/secure.gravatar.com\/avatar\/0534e84764641168a677026b6d57a3f51dc7ac4db0b4f6186d9cb330d4ee1160?s=96&d=mm&r=g\",\"contentUrl\":\"https:\/\/secure.gravatar.com\/avatar\/0534e84764641168a677026b6d57a3f51dc7ac4db0b4f6186d9cb330d4ee1160?s=96&d=mm&r=g\",\"caption\":\"Jefferson Sterfeno\"},\"sameAs\":[\"http:\/\/blogdobispo.com.br\"],\"url\":\"https:\/\/blogdobispo.com.br\/?author=1\"}]}<\/script>\n<!-- \/ Yoast SEO plugin. -->","yoast_head_json":{"title":"Coronel Azevedo critica visita do presidente da Venezuela ao Brasil - Blog do Bispo","robots":{"index":"index","follow":"follow","max-snippet":"max-snippet:-1","max-image-preview":"max-image-preview:large","max-video-preview":"max-video-preview:-1"},"canonical":"https:\/\/blogdobispo.com.br\/?p=1056","og_locale":"pt_BR","og_type":"article","og_title":"Coronel Azevedo critica visita do presidente da Venezuela ao Brasil - Blog do Bispo","og_description":"O deputado estadual Coronel Azevedo (PL) lamentou, na sess\u00e3o desta quarta-feira (31), em tom de protesto, a visita ao Brasil do presidente da Venezuela, Nicolas Maduro. O encontro com o presidente Lula (PT) que marcou a retomada da rela\u00e7\u00e3o diplom\u00e1tica entre o Brasil e o pa\u00eds vizinho, causou diverg\u00eancias e gerou grande repercuss\u00e3o nas redes [&hellip;]","og_url":"https:\/\/blogdobispo.com.br\/?p=1056","og_site_name":"Blog do Bispo","article_published_time":"2023-05-31T18:15:22+00:00","article_modified_time":"2023-05-31T18:15:23+00:00","og_image":[{"url":"https:\/\/blogdobispo.com.br\/wp-content\/uploads\/2023\/05\/3a799e40-1db4-4f93-963f-8c367ba4051a-1024x681.jpg","type":"","width":"","height":""}],"author":"Jefferson Sterfeno","twitter_card":"summary_large_image","twitter_misc":{"Escrito por":"Jefferson Sterfeno","Est. tempo de leitura":"1 minuto"},"schema":{"@context":"https:\/\/schema.org","@graph":[{"@type":"Article","@id":"https:\/\/blogdobispo.com.br\/?p=1056#article","isPartOf":{"@id":"https:\/\/blogdobispo.com.br\/?p=1056"},"author":{"name":"Jefferson Sterfeno","@id":"https:\/\/blogdobispo.com.br\/#\/schema\/person\/e2209cc0e6cea5c5233d033e997b373f"},"headline":"Coronel Azevedo critica visita do presidente da Venezuela ao Brasil","datePublished":"2023-05-31T18:15:22+00:00","dateModified":"2023-05-31T18:15:23+00:00","mainEntityOfPage":{"@id":"https:\/\/blogdobispo.com.br\/?p=1056"},"wordCount":200,"commentCount":0,"publisher":{"@id":"https:\/\/blogdobispo.com.br\/#organization"},"image":{"@id":"https:\/\/blogdobispo.com.br\/?p=1056#primaryimage"},"thumbnailUrl":"https:\/\/blogdobispo.com.br\/wp-content\/uploads\/2023\/05\/3a799e40-1db4-4f93-963f-8c367ba4051a-1024x681.jpg","articleSection":["diversos"],"inLanguage":"pt-BR","potentialAction":[{"@type":"CommentAction","name":"Comment","target":["https:\/\/blogdobispo.com.br\/?p=1056#respond"]}]},{"@type":"WebPage","@id":"https:\/\/blogdobispo.com.br\/?p=1056","url":"https:\/\/blogdobispo.com.br\/?p=1056","name":"Coronel Azevedo critica visita do presidente da Venezuela ao Brasil - Blog do Bispo","isPartOf":{"@id":"https:\/\/blogdobispo.com.br\/#website"},"primaryImageOfPage":{"@id":"https:\/\/blogdobispo.com.br\/?p=1056#primaryimage"},"image":{"@id":"https:\/\/blogdobispo.com.br\/?p=1056#primaryimage"},"thumbnailUrl":"https:\/\/blogdobispo.com.br\/wp-content\/uploads\/2023\/05\/3a799e40-1db4-4f93-963f-8c367ba4051a-1024x681.jpg","datePublished":"2023-05-31T18:15:22+00:00","dateModified":"2023-05-31T18:15:23+00:00","breadcrumb":{"@id":"https:\/\/blogdobispo.com.br\/?p=1056#breadcrumb"},"inLanguage":"pt-BR","potentialAction":[{"@type":"ReadAction","target":["https:\/\/blogdobispo.com.br\/?p=1056"]}]},{"@type":"ImageObject","inLanguage":"pt-BR","@id":"https:\/\/blogdobispo.com.br\/?p=1056#primaryimage","url":"https:\/\/blogdobispo.com.br\/wp-content\/uploads\/2023\/05\/3a799e40-1db4-4f93-963f-8c367ba4051a-1024x681.jpg","contentUrl":"https:\/\/blogdobispo.com.br\/wp-content\/uploads\/2023\/05\/3a799e40-1db4-4f93-963f-8c367ba4051a-1024x681.jpg"},{"@type":"BreadcrumbList","@id":"https:\/\/blogdobispo.com.br\/?p=1056#breadcrumb","itemListElement":[{"@type":"ListItem","position":1,"name":"In\u00edcio","item":"https:\/\/blogdobispo.com.br\/"},{"@type":"ListItem","position":2,"name":"Coronel Azevedo critica visita do presidente da Venezuela ao Brasil"}]},{"@type":"WebSite","@id":"https:\/\/blogdobispo.com.br\/#website","url":"https:\/\/blogdobispo.com.br\/","name":"Blog do Bispo","description":"Comprometido apenas com o leitor","publisher":{"@id":"https:\/\/blogdobispo.com.br\/#organization"},"potentialAction":[{"@type":"SearchAction","target":{"@type":"EntryPoint","urlTemplate":"https:\/\/blogdobispo.com.br\/?s={search_term_string}"},"query-input":{"@type":"PropertyValueSpecification","valueRequired":true,"valueName":"search_term_string"}}],"inLanguage":"pt-BR"},{"@type":"Organization","@id":"https:\/\/blogdobispo.com.br\/#organization","name":"Blog do Bispo","url":"https:\/\/blogdobispo.com.br\/","logo":{"@type":"ImageObject","inLanguage":"pt-BR","@id":"https:\/\/blogdobispo.com.br\/#\/schema\/logo\/image\/","url":"http:\/\/blogdobispo.com.br\/wp-content\/uploads\/2023\/05\/cropped-headear.png","contentUrl":"http:\/\/blogdobispo.com.br\/wp-content\/uploads\/2023\/05\/cropped-headear.png","width":1500,"height":399,"caption":"Blog do Bispo"},"image":{"@id":"https:\/\/blogdobispo.com.br\/#\/schema\/logo\/image\/"}},{"@type":"Person","@id":"https:\/\/blogdobispo.com.br\/#\/schema\/person\/e2209cc0e6cea5c5233d033e997b373f","name":"Jefferson Sterfeno","image":{"@type":"ImageObject","inLanguage":"pt-BR","@id":"https:\/\/blogdobispo.com.br\/#\/schema\/person\/image\/","url":"https:\/\/secure.gravatar.com\/avatar\/0534e84764641168a677026b6d57a3f51dc7ac4db0b4f6186d9cb330d4ee1160?s=96&d=mm&r=g","contentUrl":"https:\/\/secure.gravatar.com\/avatar\/0534e84764641168a677026b6d57a3f51dc7ac4db0b4f6186d9cb330d4ee1160?s=96&d=mm&r=g","caption":"Jefferson Sterfeno"},"sameAs":["http:\/\/blogdobispo.com.br"],"url":"https:\/\/blogdobispo.com.br\/?author=1"}]}},"featured_image_urls":{"full":"","thumbnail":"","medium":"","medium_large":"","large":"","1536x1536":"","2048x2048":""},"author_info":{"display_name":"Jefferson Sterfeno","author_link":"https:\/\/blogdobispo.com.br\/?author=1"},"category_info":"<a href=\"https:\/\/blogdobispo.com.br\/?cat=1\" rel=\"category\">diversos<\/a>","tag_info":"diversos","comment_count":"0","jetpack_featured_media_url":"","jetpack_sharing_enabled":true,"_links":{"self":[{"href":"https:\/\/blogdobispo.com.br\/index.php?rest_route=\/wp\/v2\/posts\/1056","targetHints":{"allow":["GET"]}}],"collection":[{"href":"https:\/\/blogdobispo.com.br\/index.php?rest_route=\/wp\/v2\/posts"}],"about":[{"href":"https:\/\/blogdobispo.com.br\/index.php?rest_route=\/wp\/v2\/types\/post"}],"author":[{"embeddable":true,"href":"https:\/\/blogdobispo.com.br\/index.php?rest_route=\/wp\/v2\/users\/1"}],"replies":[{"embeddable":true,"href":"https:\/\/blogdobispo.com.br\/index.php?rest_route=%2Fwp%2Fv2%2Fcomments&post=1056"}],"version-history":[{"count":1,"href":"https:\/\/blogdobispo.com.br\/index.php?rest_route=\/wp\/v2\/posts\/1056\/revisions"}],"predecessor-version":[{"id":1057,"href":"https:\/\/blogdobispo.com.br\/index.php?rest_route=\/wp\/v2\/posts\/1056\/revisions\/1057"}],"wp:attachment":[{"href":"https:\/\/blogdobispo.com.br\/index.php?rest_route=%2Fwp%2Fv2%2Fmedia&parent=1056"}],"wp:term":[{"taxonomy":"category","embeddable":true,"href":"https:\/\/blogdobispo.com.br\/index.php?rest_route=%2Fwp%2Fv2%2Fcategories&post=1056"},{"taxonomy":"post_tag","embeddable":true,"href":"https:\/\/blogdobispo.com.br\/index.php?rest_route=%2Fwp%2Fv2%2Ftags&post=1056"}],"curies":[{"name":"wp","href":"https:\/\/api.w.org\/{rel}","templated":true}]}}