{"id":1021,"date":"2023-05-29T23:17:59","date_gmt":"2023-05-29T23:17:59","guid":{"rendered":"https:\/\/blogdobispo.com.br\/?p=1021"},"modified":"2023-05-29T23:18:00","modified_gmt":"2023-05-29T23:18:00","slug":"audiencia-publica-sobre-o-encerramento-das-atividades-do-inss-zona-norte","status":"publish","type":"post","link":"https:\/\/blogdobispo.com.br\/?p=1021","title":{"rendered":"<em>Audi\u00eancia P\u00fablica sobre o encerramento das atividades do INSS Zona Norte<\/em>"},"content":{"rendered":"\n<p><\/p>\n\n\n\n<p>Na manh\u00e3 de hoje (29\/05), eu e os vereadores Nina Souza, Anderson Lopes, com representantes do Deputados Federais Paulinho Freire e Sgto. Gon\u00e7alves, realizamos uma audi\u00eancia p\u00fablica onde debatemos uma assunto bastante relevante para a popula\u00e7\u00e3o, principalmente da zona norte de Natal, que foi acerca do fechamento da ag\u00eancia do INSS, localizada na Zona Norte.<\/p>\n\n\n\n<figure class=\"wp-block-image size-large\"><img data-recalc-dims=\"1\" fetchpriority=\"high\" decoding=\"async\" width=\"800\" height=\"800\" src=\"https:\/\/i0.wp.com\/blogdobispo.com.br\/wp-content\/uploads\/2023\/05\/7e490e37-66f5-49fe-a488-15a0f1ab4cc9-1024x1024.jpg?resize=800%2C800&#038;ssl=1\" class=\"wp-image-1020\" srcset=\"https:\/\/i0.wp.com\/blogdobispo.com.br\/wp-content\/uploads\/2023\/05\/7e490e37-66f5-49fe-a488-15a0f1ab4cc9.jpg?resize=1024%2C1024&amp;ssl=1 1024w, https:\/\/i0.wp.com\/blogdobispo.com.br\/wp-content\/uploads\/2023\/05\/7e490e37-66f5-49fe-a488-15a0f1ab4cc9.jpg?resize=300%2C300&amp;ssl=1 300w, https:\/\/i0.wp.com\/blogdobispo.com.br\/wp-content\/uploads\/2023\/05\/7e490e37-66f5-49fe-a488-15a0f1ab4cc9.jpg?resize=150%2C150&amp;ssl=1 150w, https:\/\/i0.wp.com\/blogdobispo.com.br\/wp-content\/uploads\/2023\/05\/7e490e37-66f5-49fe-a488-15a0f1ab4cc9.jpg?resize=768%2C768&amp;ssl=1 768w, https:\/\/i0.wp.com\/blogdobispo.com.br\/wp-content\/uploads\/2023\/05\/7e490e37-66f5-49fe-a488-15a0f1ab4cc9.jpg?resize=1536%2C1536&amp;ssl=1 1536w, https:\/\/i0.wp.com\/blogdobispo.com.br\/wp-content\/uploads\/2023\/05\/7e490e37-66f5-49fe-a488-15a0f1ab4cc9.jpg?w=1564&amp;ssl=1 1564w\" sizes=\"(max-width: 800px) 100vw, 800px\" \/><\/figure>\n\n\n\n<p>Nesta ampla discuss\u00e3o que tivemos nesta importante audi\u00eancia p\u00fablica, sa\u00edmos com o dever de nos unirmos com as demais autoridades do nosso Estado para cobrarmos juntos a perman\u00eancia de todos os atendimentos da ag\u00eancia, principalmente das per\u00edcias m\u00e9dicas, haja vista, que 70% das demandas dessa ag\u00eancia Zona Norte, s\u00e3o referente a esta servi\u00e7o.<br>Infelizmente est\u00e1 prevista para o dia 1o de junho segundo informa\u00e7\u00f5es repassadas por funcion\u00e1rios do INSS, que a ag\u00eancia encerrar\u00e1 suas atividades.<\/p>\n\n\n\n<p>\u00c9 inteiramente desumano e cruel o que est\u00e3o fazendo com os contribuintes e principalmente com os moradores da zona norte de Natal, assim como, \u00e0queles munic\u00edpios circunvizinhos como Touros, Cear\u00e1-mirim, S\u00e3o Gon\u00e7alo do Amarante, S\u00e3o Miguel do Gostoso e tantos outros que tamb\u00e9m ser\u00e3o afetados, j\u00e1 que os seus atendimentos tamb\u00e9m s\u00e3o feitos pela mesma ag\u00eancia.<\/p>\n\n\n\n<p>Como encaminhamento da audi\u00eancia p\u00fablica ficou definido a luta da prorroga\u00e7\u00e3o do aluguel do im\u00f3vel em que a ag\u00eancia do INSS est\u00e1 situada (R. Marc\u00edlio Dias, 265 &#8211; Igap\u00f3), bem como, pela constru\u00e7\u00e3o de um pr\u00e9dio pr\u00f3prio para a ag\u00eancia.<\/p>\n\n\n\n<p>A luta n\u00e3o acabou! Est\u00e1 marcado uma novo ato p\u00fablico para a pr\u00f3xima sexta-feira (02), \u00e0s 09hs da manh\u00e3, na seda do INSS Zona Norte.<\/p>\n","protected":false},"excerpt":{"rendered":"<p>Na manh\u00e3 de hoje (29\/05), eu e os vereadores Nina Souza, Anderson Lopes, com representantes do Deputados Federais Paulinho Freire e Sgto. Gon\u00e7alves, realizamos uma audi\u00eancia p\u00fablica onde debatemos uma assunto bastante relevante para a popula\u00e7\u00e3o, principalmente da zona norte de Natal, que foi acerca do fechamento da ag\u00eancia do INSS, localizada na Zona Norte. [&hellip;]<\/p>\n","protected":false},"author":1,"featured_media":0,"comment_status":"open","ping_status":"open","sticky":false,"template":"","format":"standard","meta":{"cybocfi_hide_featured_image":"","_jetpack_memberships_contains_paid_content":false,"footnotes":""},"categories":[12],"tags":[],"class_list":["post-1021","post","type-post","status-publish","format-standard","hentry","category-cidadania"],"yoast_head":"<!-- This site is optimized with the Yoast SEO plugin v25.6 - https:\/\/yoast.com\/wordpress\/plugins\/seo\/ -->\n<title>Audi\u00eancia P\u00fablica sobre o encerramento das atividades do INSS Zona Norte - Blog do Bispo<\/title>\n<meta name=\"robots\" content=\"index, follow, max-snippet:-1, max-image-preview:large, max-video-preview:-1\" \/>\n<link rel=\"canonical\" href=\"https:\/\/blogdobispo.com.br\/?p=1021\" \/>\n<meta property=\"og:locale\" content=\"pt_BR\" \/>\n<meta property=\"og:type\" content=\"article\" \/>\n<meta property=\"og:title\" content=\"Audi\u00eancia P\u00fablica sobre o encerramento das atividades do INSS Zona Norte - Blog do Bispo\" \/>\n<meta property=\"og:description\" content=\"Na manh\u00e3 de hoje (29\/05), eu e os vereadores Nina Souza, Anderson Lopes, com representantes do Deputados Federais Paulinho Freire e Sgto. Gon\u00e7alves, realizamos uma audi\u00eancia p\u00fablica onde debatemos uma assunto bastante relevante para a popula\u00e7\u00e3o, principalmente da zona norte de Natal, que foi acerca do fechamento da ag\u00eancia do INSS, localizada na Zona Norte. [&hellip;]\" \/>\n<meta property=\"og:url\" content=\"https:\/\/blogdobispo.com.br\/?p=1021\" \/>\n<meta property=\"og:site_name\" content=\"Blog do Bispo\" \/>\n<meta property=\"article:published_time\" content=\"2023-05-29T23:17:59+00:00\" \/>\n<meta property=\"article:modified_time\" content=\"2023-05-29T23:18:00+00:00\" \/>\n<meta property=\"og:image\" content=\"https:\/\/blogdobispo.com.br\/wp-content\/uploads\/2023\/05\/7e490e37-66f5-49fe-a488-15a0f1ab4cc9-1024x1024.jpg\" \/>\n<meta name=\"author\" content=\"Jefferson Sterfeno\" \/>\n<meta name=\"twitter:card\" content=\"summary_large_image\" \/>\n<meta name=\"twitter:label1\" content=\"Escrito por\" \/>\n\t<meta name=\"twitter:data1\" content=\"Jefferson Sterfeno\" \/>\n\t<meta name=\"twitter:label2\" content=\"Est. tempo de leitura\" \/>\n\t<meta name=\"twitter:data2\" content=\"1 minuto\" \/>\n<script type=\"application\/ld+json\" class=\"yoast-schema-graph\">{\"@context\":\"https:\/\/schema.org\",\"@graph\":[{\"@type\":\"Article\",\"@id\":\"https:\/\/blogdobispo.com.br\/?p=1021#article\",\"isPartOf\":{\"@id\":\"https:\/\/blogdobispo.com.br\/?p=1021\"},\"author\":{\"name\":\"Jefferson Sterfeno\",\"@id\":\"https:\/\/blogdobispo.com.br\/#\/schema\/person\/e2209cc0e6cea5c5233d033e997b373f\"},\"headline\":\"Audi\u00eancia P\u00fablica sobre o encerramento das atividades do INSS Zona Norte\",\"datePublished\":\"2023-05-29T23:17:59+00:00\",\"dateModified\":\"2023-05-29T23:18:00+00:00\",\"mainEntityOfPage\":{\"@id\":\"https:\/\/blogdobispo.com.br\/?p=1021\"},\"wordCount\":302,\"commentCount\":0,\"publisher\":{\"@id\":\"https:\/\/blogdobispo.com.br\/#organization\"},\"image\":{\"@id\":\"https:\/\/blogdobispo.com.br\/?p=1021#primaryimage\"},\"thumbnailUrl\":\"https:\/\/blogdobispo.com.br\/wp-content\/uploads\/2023\/05\/7e490e37-66f5-49fe-a488-15a0f1ab4cc9-1024x1024.jpg\",\"articleSection\":[\"Cidadania\"],\"inLanguage\":\"pt-BR\",\"potentialAction\":[{\"@type\":\"CommentAction\",\"name\":\"Comment\",\"target\":[\"https:\/\/blogdobispo.com.br\/?p=1021#respond\"]}]},{\"@type\":\"WebPage\",\"@id\":\"https:\/\/blogdobispo.com.br\/?p=1021\",\"url\":\"https:\/\/blogdobispo.com.br\/?p=1021\",\"name\":\"Audi\u00eancia P\u00fablica sobre o encerramento das atividades do INSS Zona Norte - Blog do Bispo\",\"isPartOf\":{\"@id\":\"https:\/\/blogdobispo.com.br\/#website\"},\"primaryImageOfPage\":{\"@id\":\"https:\/\/blogdobispo.com.br\/?p=1021#primaryimage\"},\"image\":{\"@id\":\"https:\/\/blogdobispo.com.br\/?p=1021#primaryimage\"},\"thumbnailUrl\":\"https:\/\/blogdobispo.com.br\/wp-content\/uploads\/2023\/05\/7e490e37-66f5-49fe-a488-15a0f1ab4cc9-1024x1024.jpg\",\"datePublished\":\"2023-05-29T23:17:59+00:00\",\"dateModified\":\"2023-05-29T23:18:00+00:00\",\"breadcrumb\":{\"@id\":\"https:\/\/blogdobispo.com.br\/?p=1021#breadcrumb\"},\"inLanguage\":\"pt-BR\",\"potentialAction\":[{\"@type\":\"ReadAction\",\"target\":[\"https:\/\/blogdobispo.com.br\/?p=1021\"]}]},{\"@type\":\"ImageObject\",\"inLanguage\":\"pt-BR\",\"@id\":\"https:\/\/blogdobispo.com.br\/?p=1021#primaryimage\",\"url\":\"https:\/\/blogdobispo.com.br\/wp-content\/uploads\/2023\/05\/7e490e37-66f5-49fe-a488-15a0f1ab4cc9-1024x1024.jpg\",\"contentUrl\":\"https:\/\/blogdobispo.com.br\/wp-content\/uploads\/2023\/05\/7e490e37-66f5-49fe-a488-15a0f1ab4cc9-1024x1024.jpg\"},{\"@type\":\"BreadcrumbList\",\"@id\":\"https:\/\/blogdobispo.com.br\/?p=1021#breadcrumb\",\"itemListElement\":[{\"@type\":\"ListItem\",\"position\":1,\"name\":\"In\u00edcio\",\"item\":\"https:\/\/blogdobispo.com.br\/\"},{\"@type\":\"ListItem\",\"position\":2,\"name\":\"Audi\u00eancia P\u00fablica sobre o encerramento das atividades do INSS Zona Norte\"}]},{\"@type\":\"WebSite\",\"@id\":\"https:\/\/blogdobispo.com.br\/#website\",\"url\":\"https:\/\/blogdobispo.com.br\/\",\"name\":\"Blog do Bispo\",\"description\":\"Comprometido apenas com o leitor\",\"publisher\":{\"@id\":\"https:\/\/blogdobispo.com.br\/#organization\"},\"potentialAction\":[{\"@type\":\"SearchAction\",\"target\":{\"@type\":\"EntryPoint\",\"urlTemplate\":\"https:\/\/blogdobispo.com.br\/?s={search_term_string}\"},\"query-input\":{\"@type\":\"PropertyValueSpecification\",\"valueRequired\":true,\"valueName\":\"search_term_string\"}}],\"inLanguage\":\"pt-BR\"},{\"@type\":\"Organization\",\"@id\":\"https:\/\/blogdobispo.com.br\/#organization\",\"name\":\"Blog do Bispo\",\"url\":\"https:\/\/blogdobispo.com.br\/\",\"logo\":{\"@type\":\"ImageObject\",\"inLanguage\":\"pt-BR\",\"@id\":\"https:\/\/blogdobispo.com.br\/#\/schema\/logo\/image\/\",\"url\":\"http:\/\/blogdobispo.com.br\/wp-content\/uploads\/2023\/05\/cropped-headear.png\",\"contentUrl\":\"http:\/\/blogdobispo.com.br\/wp-content\/uploads\/2023\/05\/cropped-headear.png\",\"width\":1500,\"height\":399,\"caption\":\"Blog do Bispo\"},\"image\":{\"@id\":\"https:\/\/blogdobispo.com.br\/#\/schema\/logo\/image\/\"}},{\"@type\":\"Person\",\"@id\":\"https:\/\/blogdobispo.com.br\/#\/schema\/person\/e2209cc0e6cea5c5233d033e997b373f\",\"name\":\"Jefferson Sterfeno\",\"image\":{\"@type\":\"ImageObject\",\"inLanguage\":\"pt-BR\",\"@id\":\"https:\/\/blogdobispo.com.br\/#\/schema\/person\/image\/\",\"url\":\"https:\/\/secure.gravatar.com\/avatar\/0534e84764641168a677026b6d57a3f51dc7ac4db0b4f6186d9cb330d4ee1160?s=96&d=mm&r=g\",\"contentUrl\":\"https:\/\/secure.gravatar.com\/avatar\/0534e84764641168a677026b6d57a3f51dc7ac4db0b4f6186d9cb330d4ee1160?s=96&d=mm&r=g\",\"caption\":\"Jefferson Sterfeno\"},\"sameAs\":[\"http:\/\/blogdobispo.com.br\"],\"url\":\"https:\/\/blogdobispo.com.br\/?author=1\"}]}<\/script>\n<!-- \/ Yoast SEO plugin. -->","yoast_head_json":{"title":"Audi\u00eancia P\u00fablica sobre o encerramento das atividades do INSS Zona Norte - Blog do Bispo","robots":{"index":"index","follow":"follow","max-snippet":"max-snippet:-1","max-image-preview":"max-image-preview:large","max-video-preview":"max-video-preview:-1"},"canonical":"https:\/\/blogdobispo.com.br\/?p=1021","og_locale":"pt_BR","og_type":"article","og_title":"Audi\u00eancia P\u00fablica sobre o encerramento das atividades do INSS Zona Norte - Blog do Bispo","og_description":"Na manh\u00e3 de hoje (29\/05), eu e os vereadores Nina Souza, Anderson Lopes, com representantes do Deputados Federais Paulinho Freire e Sgto. Gon\u00e7alves, realizamos uma audi\u00eancia p\u00fablica onde debatemos uma assunto bastante relevante para a popula\u00e7\u00e3o, principalmente da zona norte de Natal, que foi acerca do fechamento da ag\u00eancia do INSS, localizada na Zona Norte. [&hellip;]","og_url":"https:\/\/blogdobispo.com.br\/?p=1021","og_site_name":"Blog do Bispo","article_published_time":"2023-05-29T23:17:59+00:00","article_modified_time":"2023-05-29T23:18:00+00:00","og_image":[{"url":"https:\/\/blogdobispo.com.br\/wp-content\/uploads\/2023\/05\/7e490e37-66f5-49fe-a488-15a0f1ab4cc9-1024x1024.jpg","type":"","width":"","height":""}],"author":"Jefferson Sterfeno","twitter_card":"summary_large_image","twitter_misc":{"Escrito por":"Jefferson Sterfeno","Est. tempo de leitura":"1 minuto"},"schema":{"@context":"https:\/\/schema.org","@graph":[{"@type":"Article","@id":"https:\/\/blogdobispo.com.br\/?p=1021#article","isPartOf":{"@id":"https:\/\/blogdobispo.com.br\/?p=1021"},"author":{"name":"Jefferson Sterfeno","@id":"https:\/\/blogdobispo.com.br\/#\/schema\/person\/e2209cc0e6cea5c5233d033e997b373f"},"headline":"Audi\u00eancia P\u00fablica sobre o encerramento das atividades do INSS Zona Norte","datePublished":"2023-05-29T23:17:59+00:00","dateModified":"2023-05-29T23:18:00+00:00","mainEntityOfPage":{"@id":"https:\/\/blogdobispo.com.br\/?p=1021"},"wordCount":302,"commentCount":0,"publisher":{"@id":"https:\/\/blogdobispo.com.br\/#organization"},"image":{"@id":"https:\/\/blogdobispo.com.br\/?p=1021#primaryimage"},"thumbnailUrl":"https:\/\/blogdobispo.com.br\/wp-content\/uploads\/2023\/05\/7e490e37-66f5-49fe-a488-15a0f1ab4cc9-1024x1024.jpg","articleSection":["Cidadania"],"inLanguage":"pt-BR","potentialAction":[{"@type":"CommentAction","name":"Comment","target":["https:\/\/blogdobispo.com.br\/?p=1021#respond"]}]},{"@type":"WebPage","@id":"https:\/\/blogdobispo.com.br\/?p=1021","url":"https:\/\/blogdobispo.com.br\/?p=1021","name":"Audi\u00eancia P\u00fablica sobre o encerramento das atividades do INSS Zona Norte - Blog do Bispo","isPartOf":{"@id":"https:\/\/blogdobispo.com.br\/#website"},"primaryImageOfPage":{"@id":"https:\/\/blogdobispo.com.br\/?p=1021#primaryimage"},"image":{"@id":"https:\/\/blogdobispo.com.br\/?p=1021#primaryimage"},"thumbnailUrl":"https:\/\/blogdobispo.com.br\/wp-content\/uploads\/2023\/05\/7e490e37-66f5-49fe-a488-15a0f1ab4cc9-1024x1024.jpg","datePublished":"2023-05-29T23:17:59+00:00","dateModified":"2023-05-29T23:18:00+00:00","breadcrumb":{"@id":"https:\/\/blogdobispo.com.br\/?p=1021#breadcrumb"},"inLanguage":"pt-BR","potentialAction":[{"@type":"ReadAction","target":["https:\/\/blogdobispo.com.br\/?p=1021"]}]},{"@type":"ImageObject","inLanguage":"pt-BR","@id":"https:\/\/blogdobispo.com.br\/?p=1021#primaryimage","url":"https:\/\/blogdobispo.com.br\/wp-content\/uploads\/2023\/05\/7e490e37-66f5-49fe-a488-15a0f1ab4cc9-1024x1024.jpg","contentUrl":"https:\/\/blogdobispo.com.br\/wp-content\/uploads\/2023\/05\/7e490e37-66f5-49fe-a488-15a0f1ab4cc9-1024x1024.jpg"},{"@type":"BreadcrumbList","@id":"https:\/\/blogdobispo.com.br\/?p=1021#breadcrumb","itemListElement":[{"@type":"ListItem","position":1,"name":"In\u00edcio","item":"https:\/\/blogdobispo.com.br\/"},{"@type":"ListItem","position":2,"name":"Audi\u00eancia P\u00fablica sobre o encerramento das atividades do INSS Zona Norte"}]},{"@type":"WebSite","@id":"https:\/\/blogdobispo.com.br\/#website","url":"https:\/\/blogdobispo.com.br\/","name":"Blog do Bispo","description":"Comprometido apenas com o leitor","publisher":{"@id":"https:\/\/blogdobispo.com.br\/#organization"},"potentialAction":[{"@type":"SearchAction","target":{"@type":"EntryPoint","urlTemplate":"https:\/\/blogdobispo.com.br\/?s={search_term_string}"},"query-input":{"@type":"PropertyValueSpecification","valueRequired":true,"valueName":"search_term_string"}}],"inLanguage":"pt-BR"},{"@type":"Organization","@id":"https:\/\/blogdobispo.com.br\/#organization","name":"Blog do Bispo","url":"https:\/\/blogdobispo.com.br\/","logo":{"@type":"ImageObject","inLanguage":"pt-BR","@id":"https:\/\/blogdobispo.com.br\/#\/schema\/logo\/image\/","url":"http:\/\/blogdobispo.com.br\/wp-content\/uploads\/2023\/05\/cropped-headear.png","contentUrl":"http:\/\/blogdobispo.com.br\/wp-content\/uploads\/2023\/05\/cropped-headear.png","width":1500,"height":399,"caption":"Blog do Bispo"},"image":{"@id":"https:\/\/blogdobispo.com.br\/#\/schema\/logo\/image\/"}},{"@type":"Person","@id":"https:\/\/blogdobispo.com.br\/#\/schema\/person\/e2209cc0e6cea5c5233d033e997b373f","name":"Jefferson Sterfeno","image":{"@type":"ImageObject","inLanguage":"pt-BR","@id":"https:\/\/blogdobispo.com.br\/#\/schema\/person\/image\/","url":"https:\/\/secure.gravatar.com\/avatar\/0534e84764641168a677026b6d57a3f51dc7ac4db0b4f6186d9cb330d4ee1160?s=96&d=mm&r=g","contentUrl":"https:\/\/secure.gravatar.com\/avatar\/0534e84764641168a677026b6d57a3f51dc7ac4db0b4f6186d9cb330d4ee1160?s=96&d=mm&r=g","caption":"Jefferson Sterfeno"},"sameAs":["http:\/\/blogdobispo.com.br"],"url":"https:\/\/blogdobispo.com.br\/?author=1"}]}},"featured_image_urls":{"full":"","thumbnail":"","medium":"","medium_large":"","large":"","1536x1536":"","2048x2048":""},"author_info":{"display_name":"Jefferson Sterfeno","author_link":"https:\/\/blogdobispo.com.br\/?author=1"},"category_info":"<a href=\"https:\/\/blogdobispo.com.br\/?cat=12\" rel=\"category\">Cidadania<\/a>","tag_info":"Cidadania","comment_count":"0","jetpack_featured_media_url":"","jetpack_sharing_enabled":true,"_links":{"self":[{"href":"https:\/\/blogdobispo.com.br\/index.php?rest_route=\/wp\/v2\/posts\/1021","targetHints":{"allow":["GET"]}}],"collection":[{"href":"https:\/\/blogdobispo.com.br\/index.php?rest_route=\/wp\/v2\/posts"}],"about":[{"href":"https:\/\/blogdobispo.com.br\/index.php?rest_route=\/wp\/v2\/types\/post"}],"author":[{"embeddable":true,"href":"https:\/\/blogdobispo.com.br\/index.php?rest_route=\/wp\/v2\/users\/1"}],"replies":[{"embeddable":true,"href":"https:\/\/blogdobispo.com.br\/index.php?rest_route=%2Fwp%2Fv2%2Fcomments&post=1021"}],"version-history":[{"count":1,"href":"https:\/\/blogdobispo.com.br\/index.php?rest_route=\/wp\/v2\/posts\/1021\/revisions"}],"predecessor-version":[{"id":1022,"href":"https:\/\/blogdobispo.com.br\/index.php?rest_route=\/wp\/v2\/posts\/1021\/revisions\/1022"}],"wp:attachment":[{"href":"https:\/\/blogdobispo.com.br\/index.php?rest_route=%2Fwp%2Fv2%2Fmedia&parent=1021"}],"wp:term":[{"taxonomy":"category","embeddable":true,"href":"https:\/\/blogdobispo.com.br\/index.php?rest_route=%2Fwp%2Fv2%2Fcategories&post=1021"},{"taxonomy":"post_tag","embeddable":true,"href":"https:\/\/blogdobispo.com.br\/index.php?rest_route=%2Fwp%2Fv2%2Ftags&post=1021"}],"curies":[{"name":"wp","href":"https:\/\/api.w.org\/{rel}","templated":true}]}}